{"id":2445,"date":"2025-03-25T08:00:00","date_gmt":"2025-03-25T07:00:00","guid":{"rendered":"https:\/\/www.nissan-montpellier.fr\/actus\/?p=2445"},"modified":"2025-03-19T09:48:33","modified_gmt":"2025-03-19T08:48:33","slug":"nissan-interstar-un-volume-de-chargement-pense-pour-les-pros","status":"publish","type":"post","link":"https:\/\/www.nissan-montpellier.fr\/actus\/interstar-e\/nissan-interstar-un-volume-de-chargement-pense-pour-les-pros-2445\/","title":{"rendered":"Nissan Interstar : Un volume de chargement pens\u00e9 pour les pros"},"content":{"rendered":"\n<p>Le <strong>Nissan Interstar<\/strong> se distingue par ses <strong>capacit\u00e9s de chargement<\/strong> pens\u00e9es pour les professionnels exigeants. Robuste, spacieux et pratique, il r\u00e9pond \u00e0 tous vos besoins de transport et facilite vos op\u00e9rations au quotidien.<\/p>\n\n\n\n<h2 class=\"wp-block-heading\">Un volume de chargement modulable et robuste<\/h2>\n\n\n\n<p>Le <strong>Nissan Interstar<\/strong> s\u2019adapte \u00e0 toutes les activit\u00e9s gr\u00e2ce \u00e0 un large choix de configurations :<\/p>\n\n\n\n<ul class=\"wp-block-list\">\n<li><strong>Trois hauteurs<\/strong><\/li>\n\n\n\n<li><strong>Quatre longueurs<\/strong><\/li>\n\n\n\n<li>Une <strong>charge utile<\/strong> pouvant atteindre <strong>1 925 kg en version diesel<\/strong> et <strong>1 625 kg en \u00e9lectrique<\/strong><\/li>\n<\/ul>\n\n\n\n<p><\/p>\n\n\n\n<p>Avec un <strong>volume de chargement jusqu\u2019\u00e0 14,8 m\u00b3<\/strong>, il accueille sans difficult\u00e9 vos marchandises, m\u00eame les plus encombrantes. Et si ce n\u2019est pas suffisant, vous pouvez compter sur sa capacit\u00e9 de <strong>traction jusqu\u2019\u00e0 2 500 kg<\/strong> avec une remorque frein\u00e9e.<\/p>\n\n\n\n<h2 class=\"wp-block-heading\"><strong>Un acc\u00e8s facilit\u00e9 pour optimiser le chargement<\/strong><\/h2>\n\n\n\n<p>Chaque d\u00e9tail du <strong>Nissan Interstar<\/strong> a \u00e9t\u00e9 pens\u00e9 pour <strong>rendre le chargement plus simple<\/strong> et <strong>rapide<\/strong> au quotidien. La porte lat\u00e9rale a \u00e9t\u00e9 \u00e9largie de 40 mm par rapport aux versions pr\u00e9c\u00e9dentes, offrant une ouverture de plus de 1,3 m\u00e8tre de large. R\u00e9sultat : le passage des palettes avec un chariot \u00e9l\u00e9vateur devient plus facile, m\u00eame dans les espaces restreints.<\/p>\n\n\n\n<p><strong>Les portes arri\u00e8re s\u2019ouvrent \u00e0 180\u00b0<\/strong> et peuvent m\u00eame atteindre 270\u00b0 en option, permettant un acc\u00e8s total \u00e0 la zone de chargement et un gain de temps pr\u00e9cieux lors de vos man\u0153uvres. Pour encore plus de praticit\u00e9, une seconde porte coulissante c\u00f4t\u00e9 conducteur est disponible en option, id\u00e9ale pour les arr\u00eats fr\u00e9quents et les chargements rapides en milieu urbain.<\/p>\n\n\n\n<figure class=\"wp-block-image size-large\"><img loading=\"lazy\" decoding=\"async\" width=\"1024\" height=\"1024\" src=\"https:\/\/www.nissan-montpellier.fr\/actus\/wp-content\/uploads\/2025\/03\/Nissan-interstar-points-darrimage-modulables-1-1024x1024.jpg\" alt=\"\" class=\"wp-image-2449\" srcset=\"https:\/\/www.nissan-montpellier.fr\/actus\/wp-content\/uploads\/2025\/03\/Nissan-interstar-points-darrimage-modulables-1-1024x1024.jpg 1024w, https:\/\/www.nissan-montpellier.fr\/actus\/wp-content\/uploads\/2025\/03\/Nissan-interstar-points-darrimage-modulables-1-300x300.jpg 300w, https:\/\/www.nissan-montpellier.fr\/actus\/wp-content\/uploads\/2025\/03\/Nissan-interstar-points-darrimage-modulables-1-150x150.jpg 150w, https:\/\/www.nissan-montpellier.fr\/actus\/wp-content\/uploads\/2025\/03\/Nissan-interstar-points-darrimage-modulables-1-768x768.jpg 768w, https:\/\/www.nissan-montpellier.fr\/actus\/wp-content\/uploads\/2025\/03\/Nissan-interstar-points-darrimage-modulables-1.jpg 1080w\" sizes=\"auto, (max-width: 709px) 85vw, (max-width: 909px) 67vw, (max-width: 1362px) 62vw, 840px\" \/><\/figure>\n\n\n\n<h2 class=\"wp-block-heading\"><strong>S\u00e9curit\u00e9 et praticit\u00e9 pour prot\u00e9ger votre chargement<\/strong><\/h2>\n\n\n\n<p>Le <strong>Nissan Interstar<\/strong> a \u00e9t\u00e9 con\u00e7u pour allier s\u00e9curit\u00e9 et confort d\u2019utilisation \u00e0 chaque op\u00e9ration de chargement. Sa cloison verticale renforce la s\u00e9paration entre la cabine et la zone de chargement, tout en optimisant le volume utile. Elle permet ainsi de charger au maximum tout en garantissant la protection du conducteur et des passagers.<\/p>\n\n\n\n<p>Pour maintenir vos marchandises en toute s\u00e9curit\u00e9, le fourgon est \u00e9quip\u00e9 de <strong>points d\u2019arrimage modulables<\/strong>. Vous pouvez facilement fixer votre cargaison et rouler l\u2019esprit tranquille, m\u00eame lorsque le trajet devient plus exigeant.<\/p>\n\n\n\n<p>Enfin, l\u2019\u00e9clairage LED int\u00e9gr\u00e9 facilite les chargements et d\u00e9chargements, m\u00eame en conditions de faible luminosit\u00e9. Un atout pr\u00e9cieux lorsque vos journ\u00e9es se terminent tard ou commencent t\u00f4t.<\/p>\n\n\n\n<figure class=\"wp-block-image size-large\"><img loading=\"lazy\" decoding=\"async\" width=\"1024\" height=\"1024\" src=\"https:\/\/www.nissan-montpellier.fr\/actus\/wp-content\/uploads\/2025\/03\/Nissan-interstar-points-darrimage-modulables-1024x1024.jpg\" alt=\"Nissan interstar points d\u2019arrimage modulables\" class=\"wp-image-2448\" srcset=\"https:\/\/www.nissan-montpellier.fr\/actus\/wp-content\/uploads\/2025\/03\/Nissan-interstar-points-darrimage-modulables-1024x1024.jpg 1024w, https:\/\/www.nissan-montpellier.fr\/actus\/wp-content\/uploads\/2025\/03\/Nissan-interstar-points-darrimage-modulables-300x300.jpg 300w, https:\/\/www.nissan-montpellier.fr\/actus\/wp-content\/uploads\/2025\/03\/Nissan-interstar-points-darrimage-modulables-150x150.jpg 150w, https:\/\/www.nissan-montpellier.fr\/actus\/wp-content\/uploads\/2025\/03\/Nissan-interstar-points-darrimage-modulables-768x768.jpg 768w, https:\/\/www.nissan-montpellier.fr\/actus\/wp-content\/uploads\/2025\/03\/Nissan-interstar-points-darrimage-modulables.jpg 1080w\" sizes=\"auto, (max-width: 709px) 85vw, (max-width: 909px) 67vw, (max-width: 1362px) 62vw, 840px\" \/><\/figure>\n\n\n\n<h2 class=\"wp-block-heading\">Le Nissan Interstar : la solution utilitaire pour les pros exigeants<\/h2>\n\n\n\n<p>Avec sa capacit\u00e9 de charge impressionnante, son espace optimis\u00e9 et ses solutions pens\u00e9es pour faciliter votre quotidien, le <strong>Nouveau Nissan Interstar<\/strong> s\u2019impose comme un partenaire de choix pour les professionnels. <strong><a href=\"https:\/\/www.nissan-montpellier.fr\/gamme\/nouveau-nissan-interstar-11\">\u00c0 d\u00e9couvrir d\u00e8s maintenant chez Nissan Montpellier Utilitaires<\/a> !<\/strong><\/p>\n","protected":false},"excerpt":{"rendered":"<p>Le Nissan Interstar se distingue par ses capacit\u00e9s de chargement pens\u00e9es pour les professionnels exigeants. Robuste, spacieux et pratique, il r\u00e9pond \u00e0 tous vos besoins de transport et facilite vos op\u00e9rations au quotidien. Un volume de chargement modulable et robuste Le Nissan Interstar s\u2019adapte \u00e0 toutes les activit\u00e9s gr\u00e2ce \u00e0 un large choix de configurations &hellip; <a href=\"https:\/\/www.nissan-montpellier.fr\/actus\/interstar-e\/nissan-interstar-un-volume-de-chargement-pense-pour-les-pros-2445\/\" class=\"more-link\">Continuer la lecture<span class=\"screen-reader-text\"> de &laquo;&nbsp;Nissan Interstar : Un volume de chargement pens\u00e9 pour les pros&nbsp;&raquo;<\/span><\/a><\/p>\n","protected":false},"author":19,"featured_media":2447,"comment_status":"open","ping_status":"closed","sticky":false,"template":"","format":"standard","meta":{"footnotes":""},"categories":[84],"tags":[],"class_list":["post-2445","post","type-post","status-publish","format-standard","has-post-thumbnail","hentry","category-interstar-e"],"_links":{"self":[{"href":"https:\/\/www.nissan-montpellier.fr\/actus\/wp-json\/wp\/v2\/posts\/2445","targetHints":{"allow":["GET"]}}],"collection":[{"href":"https:\/\/www.nissan-montpellier.fr\/actus\/wp-json\/wp\/v2\/posts"}],"about":[{"href":"https:\/\/www.nissan-montpellier.fr\/actus\/wp-json\/wp\/v2\/types\/post"}],"author":[{"embeddable":true,"href":"https:\/\/www.nissan-montpellier.fr\/actus\/wp-json\/wp\/v2\/users\/19"}],"replies":[{"embeddable":true,"href":"https:\/\/www.nissan-montpellier.fr\/actus\/wp-json\/wp\/v2\/comments?post=2445"}],"version-history":[{"count":4,"href":"https:\/\/www.nissan-montpellier.fr\/actus\/wp-json\/wp\/v2\/posts\/2445\/revisions"}],"predecessor-version":[{"id":2453,"href":"https:\/\/www.nissan-montpellier.fr\/actus\/wp-json\/wp\/v2\/posts\/2445\/revisions\/2453"}],"wp:featuredmedia":[{"embeddable":true,"href":"https:\/\/www.nissan-montpellier.fr\/actus\/wp-json\/wp\/v2\/media\/2447"}],"wp:attachment":[{"href":"https:\/\/www.nissan-montpellier.fr\/actus\/wp-json\/wp\/v2\/media?parent=2445"}],"wp:term":[{"taxonomy":"category","embeddable":true,"href":"https:\/\/www.nissan-montpellier.fr\/actus\/wp-json\/wp\/v2\/categories?post=2445"},{"taxonomy":"post_tag","embeddable":true,"href":"https:\/\/www.nissan-montpellier.fr\/actus\/wp-json\/wp\/v2\/tags?post=2445"}],"curies":[{"name":"wp","href":"https:\/\/api.w.org\/{rel}","templated":true}]}}